{"id":14140,"date":"2026-04-29T09:33:13","date_gmt":"2026-04-29T07:33:13","guid":{"rendered":"https:\/\/2mpress.majoranamaitani.edu.it\/?p=14140"},"modified":"2026-04-29T09:33:13","modified_gmt":"2026-04-29T07:33:13","slug":"una-storia-gia-terribile-diventata-ancora-peggiore-il-caso-pamela-genini","status":"publish","type":"post","link":"https:\/\/2mpress.majoranamaitani.edu.it\/?p=14140","title":{"rendered":"Una storia gi\u00e0 terribile\u2026 diventata ancora peggiore: il caso Pamela Genini"},"content":{"rendered":"<p>Giuro, questa \u00e8 una di quelle notizie che ti fanno fermare un attimo e pensare \u201cma \u00e8 reale?\u201d. Perch\u00e9 la storia di Pamela Genini era gi\u00e0 terribile di suo, ma quello che \u00e8 successo adesso \u00e8 ancora pi\u00f9 assurdo.<br \/>\nPamela aveva 29 anni ed \u00e8 stata uccisa nell\u2019ottobre 2025 dal suo ex compagno, che non accettava la fine della loro relazione. Una cosa purtroppo gi\u00e0 sentita troppe volte, e che ogni volta fa arrabbiare allo stesso modo. Sembrava una di quelle storie tragiche che almeno, col tempo, trovano un po\u2019 di pace. Invece no.<br \/>\nUna scoperta che fa venire i brividi.<br \/>\nTutto \u00e8 successo quando stavano spostando la sua bara nel cimitero, per portarla nella cappella di famiglia. Gli operatori si sono accorti che qualcosa non tornava: la bara sembrava manomessa.<br \/>\nQuando l\u2019hanno aperta\u2026 mancava la testa.<br \/>\nCio\u00e8, davvero. Non \u00e8 una metafora, non \u00e8 un\u2019esagerazione: qualcuno ha aperto la bara e ha portato via una parte del corpo.<br \/>\nChi pu\u00f2 fare una cosa del genere?<br \/>\nLa cosa pi\u00f9 inquietante \u00e8 che non si sa ancora chi sia stato n\u00e9 perch\u00e9. Non \u00e8 una rapina, non \u00e8 una vendetta chiara, non \u00e8 qualcosa che riesci a spiegarti facilmente.<br \/>\nLa famiglia ha detto che non c\u2019entrano soldi o ricatti, quindi l\u2019idea \u00e8 che sia stato qualcuno con un\u2019ossessione o comunque una persona disturbata. E questo, secondo me, \u00e8 ancora pi\u00f9 spaventoso.<br \/>\nPerch\u00e9 significa che potrebbe essere un gesto completamente senza senso.<br \/>\nUna storia gi\u00e0 ingiusta, che lo diventa ancora di pi\u00f9<br \/>\nLa cosa che mi fa pi\u00f9 rabbia \u00e8 che tutto questo arriva dopo un femminicidio. Pamela era gi\u00e0 stata vittima di una violenza enorme, quella di una persona che diceva di amarla.<br \/>\nE invece di poter riposare in pace, succede anche questo.<br \/>\n\u00c8 come se non finisse mai.<br \/>\nLe indagini e le domande senza risposta<br \/>\nAdesso la polizia sta cercando di capire cosa sia successo davvero. Stanno controllando le telecamere, cercando movimenti strani vicino al cimitero e qualsiasi indizio utile.<br \/>\nPer\u00f2, per ora, non ci sono risposte.<br \/>\nE secondo me \u00e8 proprio questo che rende tutta la storia cos\u00ec pesante: sapere che una cosa del genere \u00e8 successa, ma non sapere chi l\u2019ha fatta n\u00e9 perch\u00e9.<br \/>\nQuello che ti resta dentro<br \/>\nNon \u00e8 solo una notizia \u201cforte\u201d. \u00c8 una di quelle che ti restano in testa.<br \/>\nTi fa pensare a quanto pu\u00f2 essere crudele la realt\u00e0, anche oltre quello che immagini. E ti fa venire una sensazione brutta, tipo che certe persone non hanno proprio limiti.<br \/>\nE soprattutto ti fa pensare che una cosa cos\u00ec non dovrebbe succedere mai. N\u00e9 prima, n\u00e9 dopo.<\/p>\n","protected":false},"excerpt":{"rendered":"<p>Giuro, questa \u00e8 una di quelle notizie che ti fanno fermare un attimo e pensare \u201cma \u00e8 reale?\u201d.<\/p>\n","protected":false},"author":47,"featured_media":14167,"comment_status":"closed","ping_status":"closed","sticky":false,"template":"","format":"standard","meta":{"footnotes":""},"categories":[105,108],"tags":[329,330],"class_list":["post-14140","post","type-post","status-publish","format-standard","has-post-thumbnail","hentry","category-news-2","category-dalmondo","tag-cronacanera","tag-indagine"],"featured_image_urls":{"full":["https:\/\/2mpress.majoranamaitani.edu.it\/wp-content\/uploads\/2026\/04\/Gemini_Generated_Image_atry2satry2satry-1-e1777381306657.png",1314,710,false],"thumbnail":["https:\/\/2mpress.majoranamaitani.edu.it\/wp-content\/uploads\/2026\/04\/Gemini_Generated_Image_atry2satry2satry-1-e1777381306657-150x150.png",150,150,true],"medium":["https:\/\/2mpress.majoranamaitani.edu.it\/wp-content\/uploads\/2026\/04\/Gemini_Generated_Image_atry2satry2satry-1-e1777381306657-300x162.png",300,162,true],"medium_large":["https:\/\/2mpress.majoranamaitani.edu.it\/wp-content\/uploads\/2026\/04\/Gemini_Generated_Image_atry2satry2satry-1-e1777381306657-768x415.png",640,346,true],"large":["https:\/\/2mpress.majoranamaitani.edu.it\/wp-content\/uploads\/2026\/04\/Gemini_Generated_Image_atry2satry2satry-1-e1777381306657-1024x553.png",640,346,true],"1536x1536":["https:\/\/2mpress.majoranamaitani.edu.it\/wp-content\/uploads\/2026\/04\/Gemini_Generated_Image_atry2satry2satry-1-e1777381306657.png",1314,710,false],"2048x2048":["https:\/\/2mpress.majoranamaitani.edu.it\/wp-content\/uploads\/2026\/04\/Gemini_Generated_Image_atry2satry2satry-1-e1777381306657.png",1314,710,false],"morenews-large":["https:\/\/2mpress.majoranamaitani.edu.it\/wp-content\/uploads\/2026\/04\/Gemini_Generated_Image_atry2satry2satry-1-e1777381306657-825x575.png",825,575,true],"morenews-medium":["https:\/\/2mpress.majoranamaitani.edu.it\/wp-content\/uploads\/2026\/04\/Gemini_Generated_Image_atry2satry2satry-1-e1777381306657-590x410.png",590,410,true]},"author_info":{"display_name":"MariaLuna","author_link":"https:\/\/2mpress.majoranamaitani.edu.it\/?author=47"},"category_info":"<a href=\"https:\/\/2mpress.majoranamaitani.edu.it\/?cat=105\" rel=\"category\">_NEWS<\/a> <a href=\"https:\/\/2mpress.majoranamaitani.edu.it\/?cat=108\" rel=\"category\">DAL MONDO<\/a>","tag_info":"DAL MONDO","comment_count":0,"_links":{"self":[{"href":"https:\/\/2mpress.majoranamaitani.edu.it\/index.php?rest_route=\/wp\/v2\/posts\/14140","targetHints":{"allow":["GET"]}}],"collection":[{"href":"https:\/\/2mpress.majoranamaitani.edu.it\/index.php?rest_route=\/wp\/v2\/posts"}],"about":[{"href":"https:\/\/2mpress.majoranamaitani.edu.it\/index.php?rest_route=\/wp\/v2\/types\/post"}],"author":[{"embeddable":true,"href":"https:\/\/2mpress.majoranamaitani.edu.it\/index.php?rest_route=\/wp\/v2\/users\/47"}],"replies":[{"embeddable":true,"href":"https:\/\/2mpress.majoranamaitani.edu.it\/index.php?rest_route=%2Fwp%2Fv2%2Fcomments&post=14140"}],"version-history":[{"count":3,"href":"https:\/\/2mpress.majoranamaitani.edu.it\/index.php?rest_route=\/wp\/v2\/posts\/14140\/revisions"}],"predecessor-version":[{"id":14179,"href":"https:\/\/2mpress.majoranamaitani.edu.it\/index.php?rest_route=\/wp\/v2\/posts\/14140\/revisions\/14179"}],"wp:featuredmedia":[{"embeddable":true,"href":"https:\/\/2mpress.majoranamaitani.edu.it\/index.php?rest_route=\/wp\/v2\/media\/14167"}],"wp:attachment":[{"href":"https:\/\/2mpress.majoranamaitani.edu.it\/index.php?rest_route=%2Fwp%2Fv2%2Fmedia&parent=14140"}],"wp:term":[{"taxonomy":"category","embeddable":true,"href":"https:\/\/2mpress.majoranamaitani.edu.it\/index.php?rest_route=%2Fwp%2Fv2%2Fcategories&post=14140"},{"taxonomy":"post_tag","embeddable":true,"href":"https:\/\/2mpress.majoranamaitani.edu.it\/index.php?rest_route=%2Fwp%2Fv2%2Ftags&post=14140"}],"curies":[{"name":"wp","href":"https:\/\/api.w.org\/{rel}","templated":true}]}}