{"id":14187,"date":"2026-04-30T09:10:58","date_gmt":"2026-04-30T07:10:58","guid":{"rendered":"https:\/\/2mpress.majoranamaitani.edu.it\/?p=14187"},"modified":"2026-04-30T10:46:16","modified_gmt":"2026-04-30T08:46:16","slug":"trump-contro-leone-xiv-lo-scontro-tra-potere-e-coscienza-nel-nome-della-pace","status":"publish","type":"post","link":"https:\/\/2mpress.majoranamaitani.edu.it\/?p=14187","title":{"rendered":"Trump contro Leone XIV: lo scontro tra potere e coscienza nel nome della pace"},"content":{"rendered":"<p style=\"text-align: right;\">di Emily Gasperoni e Claudia Ricci<\/p>\n<p>&nbsp;<\/p>\n<p><span style=\"font-weight: 400;\">Soltanto pochi giorni fa \u00e8 avvenuto un evento che ha scosso fortemente tutta la comunit\u00e0 cristiana.<a href=\"https:\/\/2mpress.majoranamaitani.edu.it\/wp-content\/uploads\/2026\/04\/papa-trump.png\"><img fetchpriority=\"high\" decoding=\"async\" class=\"alignright wp-image-14188\" src=\"https:\/\/2mpress.majoranamaitani.edu.it\/wp-content\/uploads\/2026\/04\/papa-trump-300x171.png\" alt=\"\" width=\"400\" height=\"228\" srcset=\"https:\/\/2mpress.majoranamaitani.edu.it\/wp-content\/uploads\/2026\/04\/papa-trump-300x171.png 300w, https:\/\/2mpress.majoranamaitani.edu.it\/wp-content\/uploads\/2026\/04\/papa-trump-1024x584.png 1024w, https:\/\/2mpress.majoranamaitani.edu.it\/wp-content\/uploads\/2026\/04\/papa-trump-768x438.png 768w, https:\/\/2mpress.majoranamaitani.edu.it\/wp-content\/uploads\/2026\/04\/papa-trump-1536x876.png 1536w, https:\/\/2mpress.majoranamaitani.edu.it\/wp-content\/uploads\/2026\/04\/papa-trump.png 1661w\" sizes=\"(max-width: 400px) 100vw, 400px\" \/><\/a><\/span><span style=\"font-weight: 400;\"><br \/>\n<\/span><span style=\"font-weight: 400;\"> Il Presidente USA Donald Trump lancia parole taglienti verso Leone XIV: \u201c<\/span><i><span style=\"font-weight: 400;\">Non sono un suo grande fan, \u00e8 un debole e pessimo nella politica estera. Se non fossi alla Casa Bianca, non sarebbe pontefice\u201d.<\/span><\/i><span style=\"font-weight: 400;\"> A tale affermazione, il Papa, a testa alta, risponde in maniera ferma che non si far\u00e0 intimidire.<br \/>\n<\/span><span style=\"font-weight: 400;\">Nei giorni scorsi Leone XIV ha criticato il presidente per i suoi commenti sull&#8217;Iran, definendo &#8220;inaccettabile&#8221; la minaccia di Trump di distruggere un&#8217;intera civilt\u00e0 e invocando a gran voce la pace in Medio Oriente. Durante la Domenica delle Palme, il Papa ha anche esortato a non usare Dio per giustificare la guerra.<br \/>\n<\/span><span style=\"font-weight: 400;\">Teheran per\u00f2 \u00e8 solo l&#8217;ultimo dei fronti che da mesi vedono contrapporsi Trump e Leone XIV. I primi screzi sono stati sulla stretta della Casa Bianca all&#8217;immigrazione, fatta di raid nelle maggiori citt\u00e0 americane, anche nella Chicago di Robert Prevost.<br \/>\n<\/span><span style=\"font-weight: 400;\">Poco dopo la veglia di preghiera tenuta nella basilica vaticana di San Pietro, nelle stesse ore in cui Stati Uniti e Iran stavano tenendo colloqui di pace, poi falliti in Pakistan, Trump ha dato sfogo a tutta la sua rabbia contro il Papa su Truth. &#8220;<\/span><i><span style=\"font-weight: 400;\">Non voglio un Papa che trovi terribile il fatto che l&#8217;America abbia attaccato il Venezuela&#8221;<\/span><\/i><span style=\"font-weight: 400;\">, ha scritto. &#8220;<\/span><i><span style=\"font-weight: 400;\">Non voglio un Papa che critichi il presidente americano perch\u00e9 sto facendo esattamente quello per cui sono stato eletto, con una vittoria schiacciante, vale a dire portare la criminalit\u00e0 ai minimi storici e creare il pi\u00f9 grande mercato azionario della storia&#8221;.<br \/>\n<\/span><\/i><span style=\"font-weight: 400;\">Ovviamente pensiamo che quanto successo sia un vero e proprio scandalo e qualcosa su cui riflettere.<br \/>\n<\/span><span style=\"font-weight: 400;\">Da una parte il Papa condanna ancora una volta l&#8217;oscenit\u00e0 della guerra e ricorda le vittime di essa, dall\u2019altra il presidente degli Stati Uniti continua imperterrito nelle sue sanguinose battaglie.<br \/>\n<\/span><span style=\"font-weight: 400;\">D\u2019altro canto, la nostra presidente del Consiglio Giorgia Meloni non rimane zitta alle accuse lanciate verso il pontefice. Si esprime infatti dicendo che le parole di Trump nei confronti del Papa sono &#8220;inaccettabili&#8221;, aggiungendo che \u00e8 giusto che il Pontefice invochi la pace e condanni la guerra.<br \/>\n<\/span><span style=\"font-weight: 400;\">Alla fine, quello che sta succedendo tra Trump e il Papa ci insegna una cosa semplice: non sempre chi urla di pi\u00f9 ha ragione. \u00c8 facile fare i forti quando si ha il potere, ma \u00e8 molto pi\u00f9 difficile restare calmi e continuare a parlare di pace quando tutti gli altri vogliono solo lo scontro.<br \/>\n<\/span><span style=\"font-weight: 400;\">Anche la scelta della Meloni di non restare zitta ci fa capire che, davanti a certi insulti, non conta quanto sei amico di qualcuno: se una cosa \u00e8 sbagliata, bisogna avere il coraggio di dirlo.<br \/>\n<\/span><span style=\"font-weight: 400;\">Questo scontro non \u00e8 solo politica lontana da noi, riguarda il modo in cui decidiamo di comportarci ogni giorno. Vogliamo essere quelli che insultano per sentirsi superiori o quelli che, come il Papa, non si fanno abbattere e continuano a difendere ci\u00f2 in cui credono?<br \/>\n<\/span><span style=\"font-weight: 400;\">Alla nostra et\u00e0 stiamo decidendo che persone diventare: ricordiamoci che la vera forza non sta in chi minaccia ma in chi sa restare umano anche quando \u00e8 difficile.<\/span><\/p>\n","protected":false},"excerpt":{"rendered":"<p>di Emily Gasperoni e Claudia Ricci &nbsp; Soltanto pochi giorni fa \u00e8 avvenuto un evento che ha scosso<\/p>\n","protected":false},"author":15,"featured_media":14188,"comment_status":"closed","ping_status":"closed","sticky":false,"template":"","format":"standard","meta":{"footnotes":""},"categories":[105,108,304],"tags":[],"class_list":["post-14187","post","type-post","status-publish","format-standard","has-post-thumbnail","hentry","category-news-2","category-dalmondo","category-politica"],"featured_image_urls":{"full":["https:\/\/2mpress.majoranamaitani.edu.it\/wp-content\/uploads\/2026\/04\/papa-trump.png",1661,947,false],"thumbnail":["https:\/\/2mpress.majoranamaitani.edu.it\/wp-content\/uploads\/2026\/04\/papa-trump-150x150.png",150,150,true],"medium":["https:\/\/2mpress.majoranamaitani.edu.it\/wp-content\/uploads\/2026\/04\/papa-trump-300x171.png",300,171,true],"medium_large":["https:\/\/2mpress.majoranamaitani.edu.it\/wp-content\/uploads\/2026\/04\/papa-trump-768x438.png",640,365,true],"large":["https:\/\/2mpress.majoranamaitani.edu.it\/wp-content\/uploads\/2026\/04\/papa-trump-1024x584.png",640,365,true],"1536x1536":["https:\/\/2mpress.majoranamaitani.edu.it\/wp-content\/uploads\/2026\/04\/papa-trump-1536x876.png",1536,876,true],"2048x2048":["https:\/\/2mpress.majoranamaitani.edu.it\/wp-content\/uploads\/2026\/04\/papa-trump.png",1661,947,false],"morenews-large":["https:\/\/2mpress.majoranamaitani.edu.it\/wp-content\/uploads\/2026\/04\/papa-trump-825x575.png",825,575,true],"morenews-medium":["https:\/\/2mpress.majoranamaitani.edu.it\/wp-content\/uploads\/2026\/04\/papa-trump-590x410.png",590,410,true]},"author_info":{"display_name":"collaborazione","author_link":"https:\/\/2mpress.majoranamaitani.edu.it\/?author=15"},"category_info":"<a href=\"https:\/\/2mpress.majoranamaitani.edu.it\/?cat=105\" rel=\"category\">_NEWS<\/a> <a href=\"https:\/\/2mpress.majoranamaitani.edu.it\/?cat=108\" rel=\"category\">DAL MONDO<\/a> <a href=\"https:\/\/2mpress.majoranamaitani.edu.it\/?cat=304\" rel=\"category\">POLITICA<\/a>","tag_info":"POLITICA","comment_count":0,"_links":{"self":[{"href":"https:\/\/2mpress.majoranamaitani.edu.it\/index.php?rest_route=\/wp\/v2\/posts\/14187","targetHints":{"allow":["GET"]}}],"collection":[{"href":"https:\/\/2mpress.majoranamaitani.edu.it\/index.php?rest_route=\/wp\/v2\/posts"}],"about":[{"href":"https:\/\/2mpress.majoranamaitani.edu.it\/index.php?rest_route=\/wp\/v2\/types\/post"}],"author":[{"embeddable":true,"href":"https:\/\/2mpress.majoranamaitani.edu.it\/index.php?rest_route=\/wp\/v2\/users\/15"}],"replies":[{"embeddable":true,"href":"https:\/\/2mpress.majoranamaitani.edu.it\/index.php?rest_route=%2Fwp%2Fv2%2Fcomments&post=14187"}],"version-history":[{"count":2,"href":"https:\/\/2mpress.majoranamaitani.edu.it\/index.php?rest_route=\/wp\/v2\/posts\/14187\/revisions"}],"predecessor-version":[{"id":14190,"href":"https:\/\/2mpress.majoranamaitani.edu.it\/index.php?rest_route=\/wp\/v2\/posts\/14187\/revisions\/14190"}],"wp:featuredmedia":[{"embeddable":true,"href":"https:\/\/2mpress.majoranamaitani.edu.it\/index.php?rest_route=\/wp\/v2\/media\/14188"}],"wp:attachment":[{"href":"https:\/\/2mpress.majoranamaitani.edu.it\/index.php?rest_route=%2Fwp%2Fv2%2Fmedia&parent=14187"}],"wp:term":[{"taxonomy":"category","embeddable":true,"href":"https:\/\/2mpress.majoranamaitani.edu.it\/index.php?rest_route=%2Fwp%2Fv2%2Fcategories&post=14187"},{"taxonomy":"post_tag","embeddable":true,"href":"https:\/\/2mpress.majoranamaitani.edu.it\/index.php?rest_route=%2Fwp%2Fv2%2Ftags&post=14187"}],"curies":[{"name":"wp","href":"https:\/\/api.w.org\/{rel}","templated":true}]}}