{"id":14556,"date":"2026-08-31T22:50:38","date_gmt":"2026-08-31T20:50:38","guid":{"rendered":"https:\/\/2mpress.majoranamaitani.edu.it\/?p=14556"},"modified":"2026-08-31T23:33:50","modified_gmt":"2026-08-31T21:33:50","slug":"il-1-settembre-la-scuola-si-riaccende-e-saluta-chi-ne-ha-fatto-la-storia","status":"publish","type":"post","link":"https:\/\/2mpress.majoranamaitani.edu.it\/?p=14556","title":{"rendered":"Il 1\u00b0 settembre la scuola si riaccende e saluta chi ne ha fatto la storia"},"content":{"rendered":"<p><span style=\"font-weight: 400;\">Il 1\u00b0 settembre la scuola si riaccende.<br \/>\n<\/span><span style=\"font-weight: 400;\">Dopo il silenzio dei mesi estivi, i corridoi tornano a riempirsi di passi, le aule di voci, le porte si aprono e quella che per qualche settimana \u00e8 sembrata una struttura sospesa torna a essere ci\u00f2 che \u00e8 davvero: una comunit\u00e0.<br \/>\n<\/span><span style=\"font-weight: 400;\">Al Majorana-Maitani arrivano volti nuovi: docenti, collaboratori scolastici, persone che iniziano un nuovo percorso e che entreranno a far parte della storia della scuola.<br \/>\n<\/span><span style=\"font-weight: 400;\">Ma il ritorno a scuola porta con s\u00e9 anche un&#8217;altra emozione: quella degli addii.<br \/>\n<\/span><span style=\"font-weight: 400;\">Quest&#8217;anno molti volti che per anni abbiamo incontrato ogni giorno non saranno pi\u00f9 l\u00ec. Volti storici, familiari, rassicuranti, presenze che abbiamo finito quasi per considerare una certezza, anno dopo anno, generazione dopo generazione.<br \/>\n<\/span><span style=\"font-weight: 400;\">Sono professori e collaboratori scolastici che al Majorana-Maitani non si sono semplicemente limitati a lavorare. Qui hanno trascorso una parte importante della loro vita, conosciuto migliaia di studenti, seguito classi, affrontato giornate difficili e condiviso quelle belle. Hanno visto cambiare la scuola e, soprattutto, hanno contribuito a far crescere generazioni di giovani.<br \/>\n<\/span><span style=\"font-weight: 400;\">Per questo abbiamo chiesto ad alcuni studenti ed ex studenti di raccontarci cosa abbiano rappresentato per loro alcune delle persone che oggi si preparano a lasciare la scuola. <\/span><span style=\"font-weight: 400;\">Le loro parole raccontano una cosa semplice e bellissima: una scuola resta nelle persone molto pi\u00f9 a lungo di quanto le persone restino fisicamente dentro una scuola.<br \/>\n<\/span><span style=\"font-weight: 400;\">Per Asia Carli, studentessa della futura 3L1, la professoressa Franceschini \u00e8 una di quelle insegnanti che non si possono dimenticare:<br \/>\n<\/span><span style=\"font-weight: 400;\">\u00ab\u00c8 tosta. \u00c8 una di quelle professoresse toste che non dimenticherai mai, perch\u00e9 la materia te la fa entrare dentro e, soprattutto, perch\u00e9 senti l&#8217;amore che ha per noi studenti e per la scuola\u00bb.<br \/>\n<\/span><span style=\"font-weight: 400;\">Un insegnamento che va oltre la materia, trasformando anche la severit\u00e0 in attenzione e cura.<br \/>\n<\/span><span style=\"font-weight: 400;\">\u00abMi mancher\u00e0. Gi\u00e0 mi manca\u00bb.<br \/>\n<\/span><span style=\"font-weight: 400;\">Ci sono poi insegnanti che insegnano un modo diverso di guardare il mondo. Filippo Ciolfi, ex studente del Majorana, parlando della professoressa<\/span><b><i> Sardini<\/i><\/b><span style=\"font-weight: 400;\">, dice:<br \/>\n<\/span><span style=\"font-weight: 400;\">\u00abEntri in aula e la vedi, e lei ti insegna a guardare. Ti insegna il bello. Questo \u00e8 stato il suo dono\u00bb.<br \/>\n<\/span><span style=\"font-weight: 400;\">Un bello che non riguarda soltanto l&#8217;apparenza:<br \/>\n<\/span><span style=\"font-weight: 400;\">\u00abBasta guardarla e la sua eleganza ti entra dentro, ma non \u00e8 qualcosa legato solo all&#8217;apparenza: \u00e8 il significato pi\u00f9 profondo del bello\u00bb.<br \/>\n<\/span><span style=\"font-weight: 400;\">Sabrina Valentini, ex studentessa dell&#8217;Istituto magistrale trent&#8217;anni fa e oggi mamma di un ragazzo che entrer\u00e0 al primo anno del Tecnico, ricorda invece la professoressa <\/span><b><i>Barbanera.<\/i><\/b><span style=\"font-weight: 400;\"> Quando suo figlio ha scelto il Maitani, il suo primo pensiero \u00e8 stato proprio per lei:<br \/>\n<\/span><span style=\"font-weight: 400;\">\u00abAnche lui avr\u00e0 l&#8217;onore di avere la professoressa Barbanera, come \u00e8 stato per me\u00bb.<br \/>\n<\/span><span style=\"font-weight: 400;\">Una docente accogliente, una donna \u00abdall&#8217;empatia rara\u00bb, capace di trasmettere la materia con una passione che non sempre ha trovato.<br \/>\n<\/span><span style=\"font-weight: 400;\">E dopo trent&#8217;anni, Sabrina pu\u00f2 ancora dire:<br \/>\n<\/span><span style=\"font-weight: 400;\">\u00ab\u00c8 stata, ed \u00e8 ancora, un punto di riferimento nella mia vita\u00bb.<br \/>\n<\/span><span style=\"font-weight: 400;\">Emily, studentessa del quarto anno dell&#8217;Istituto Tecnico, ci racconta <\/span><b><i>Annarosa <\/i><\/b><span style=\"font-weight: 400;\">attraverso un ricordo quotidiano:<br \/>\n<\/span><span style=\"font-weight: 400;\">\u00abDovevi stare attenta all&#8217;Annarosa, soprattutto se non ti pulivi i piedi prima di entrare a scuola\u00bb.<br \/>\n<\/span><span style=\"font-weight: 400;\">Dietro quel gesto c&#8217;era per\u00f2 qualcosa di pi\u00f9:<br \/>\n<\/span><span style=\"font-weight: 400;\">\u00abL&#8217;Annarosa ha sempre vissuto la scuola con l&#8217;amore che ogni mamma ha per la propria casa\u00bb.<br \/>\n<\/span><span style=\"font-weight: 400;\">Per lei, la scuola non era soltanto un posto di lavoro: era casa.<br \/>\n<\/span><span style=\"font-weight: 400;\">Filippo Picchiacci, dell&#8217;Istituto Tecnico Maitani, racconta invece <\/span><b><i>Rita e Barbara <\/i><\/b><span style=\"font-weight: 400;\">come \u00abi due opposti per eccellenza\u00bb.<br \/>\n<\/span><span style=\"font-weight: 400;\">Da una parte Rita: \u00abLa precisione, le sgridate e quella faccia cos\u00ec tosta ma, contemporaneamente, dolce\u00bb.<br \/>\n<\/span><span style=\"font-weight: 400;\">Dall&#8217;altra Barbara: \u00abLa follia, l&#8217;esplosiva gioia di vivere e quella voglia di ribellione\u00bb.<br \/>\n<\/span><span style=\"font-weight: 400;\">Due personalit\u00e0 apparentemente lontane, ma capaci di completarsi e di diventare parte dello stesso paesaggio umano della scuola.<\/span><span style=\"font-weight: 400;\">Anche<\/span><b><i> Giusy <\/i><\/b><span style=\"font-weight: 400;\">appartiene a quelle presenze che, con il tempo, diventano parte della quotidianit\u00e0. Il suo volto, il suo modo di parlare, il suo esserci ogni giorno sono diventati familiari per tanti studenti.<br \/>\n<\/span><span style=\"font-weight: 400;\">\u00c8 cos\u00ec che Giusy \u00e8 entrata nella storia del Majorana-Maitani: attraverso la presenza quotidiana, il rapporto con gli studenti e quelle piccole attenzioni che rendono una scuola pi\u00f9 umana.<br \/>\n<\/span><span style=\"font-weight: 400;\">Anche<\/span><b><i> Filomena<\/i><\/b><span style=\"font-weight: 400;\"> appartiene a quella storia silenziosa e preziosa che ogni scuola costruisce giorno dopo giorno. Per anni ha accompagnato la vita del Majorana-Maitani, intrecciandosi con quella di studenti, docenti e colleghi, fino a diventare una presenza familiare, parte della vita stessa della scuola.<br \/>\n<\/span><span style=\"font-weight: 400;\">Ci sono persone che, quando vanno via, lasciano semplicemente un posto vacante e poi ci sono persone che lasciano un&#8217;assenza.<br \/>\n<\/span><span style=\"font-weight: 400;\">Quelli che oggi salutiamo appartengono alla seconda categoria.<br \/>\n<\/span><span style=\"font-weight: 400;\">Arriveranno nuovi docenti e nuovi collaboratori, entreranno nuovi studenti, ma nessuna storia cancella quella precedente.<br \/>\n<\/span><span style=\"font-weight: 400;\">E allora, in questo 1\u00b0 settembre, mentre il Majorana-Maitani si prepara a riaccendersi, la redazione vuole fermarsi un momento per dire grazie a chi ha dedicato a questa scuola una parte cos\u00ec importante della propria vita.<br \/>\n<\/span><span style=\"font-weight: 400;\">Grazie per esserci stati, grazie per aver contribuito a far crescere generazioni di giovani e soprattutto grazie per averci ricordato che una scuola non \u00e8 fatta soltanto di persone che ci passano dentro, \u00e8 fatta delle tracce che quelle persone lasciano quando, un giorno, ne escono.<br \/>\n<\/span><span style=\"font-weight: 400;\">Buona pensione e buona nuova vita.<br \/>\n<\/span><span style=\"font-weight: 400;\">Il Majorana-Maitani si riaccende, ma una parte di voi rester\u00e0 per sempre accesa qui.<\/span><\/p>\n<p>Per raccogliere e custodire questo momento abbiamo affidato a Barbara il compito di raccontarsi, ecco la sua intervista rilasciata al blog 2Mpress,<br \/>\nbuona visione!<\/p>\n<div align=\"center\"><iframe title=\"YouTube video player\" src=\"https:\/\/www.youtube.com\/embed\/AWKzGzfwPQw?si=p9ZDMUgOD-8tlqqJ\" width=\"500\" height=\"915\" frameborder=\"0\" allowfullscreen=\"allowfullscreen\"><span data-mce-type=\"bookmark\" style=\"display: inline-block; width: 0px; overflow: hidden; line-height: 0;\" class=\"mce_SELRES_start\">\ufeff<\/span><span data-mce-type=\"bookmark\" style=\"display: inline-block; width: 0px; overflow: hidden; line-height: 0;\" class=\"mce_SELRES_start\">\ufeff<\/span><span data-mce-type=\"bookmark\" style=\"display: inline-block; width: 0px; overflow: hidden; line-height: 0;\" class=\"mce_SELRES_start\">\ufeff<\/span><span data-mce-type=\"bookmark\" style=\"display: inline-block; width: 0px; overflow: hidden; line-height: 0;\" class=\"mce_SELRES_start\">\ufeff<\/span><\/iframe><\/div>\n","protected":false},"excerpt":{"rendered":"<p>Il 1\u00b0 settembre la scuola si riaccende. Dopo il silenzio dei mesi estivi, i corridoi tornano a riempirsi<\/p>\n","protected":false},"author":1,"featured_media":14557,"comment_status":"closed","ping_status":"closed","sticky":false,"template":"","format":"standard","meta":{"footnotes":""},"categories":[105],"tags":[352,351],"class_list":["post-14556","post","type-post","status-publish","format-standard","has-post-thumbnail","hentry","category-news-2","tag-annarosa","tag-pensione"],"featured_image_urls":{"full":["https:\/\/2mpress.majoranamaitani.edu.it\/wp-content\/uploads\/2026\/08\/addii2.jpg",1280,853,false],"thumbnail":["https:\/\/2mpress.majoranamaitani.edu.it\/wp-content\/uploads\/2026\/08\/addii2-150x150.jpg",150,150,true],"medium":["https:\/\/2mpress.majoranamaitani.edu.it\/wp-content\/uploads\/2026\/08\/addii2-300x200.jpg",300,200,true],"medium_large":["https:\/\/2mpress.majoranamaitani.edu.it\/wp-content\/uploads\/2026\/08\/addii2-768x512.jpg",640,427,true],"large":["https:\/\/2mpress.majoranamaitani.edu.it\/wp-content\/uploads\/2026\/08\/addii2-1024x682.jpg",640,426,true],"1536x1536":["https:\/\/2mpress.majoranamaitani.edu.it\/wp-content\/uploads\/2026\/08\/addii2.jpg",1280,853,false],"2048x2048":["https:\/\/2mpress.majoranamaitani.edu.it\/wp-content\/uploads\/2026\/08\/addii2.jpg",1280,853,false],"morenews-large":["https:\/\/2mpress.majoranamaitani.edu.it\/wp-content\/uploads\/2026\/08\/addii2-825x575.jpg",825,575,true],"morenews-medium":["https:\/\/2mpress.majoranamaitani.edu.it\/wp-content\/uploads\/2026\/08\/addii2-590x410.jpg",590,410,true]},"author_info":{"display_name":"Redazione","author_link":"https:\/\/2mpress.majoranamaitani.edu.it\/?author=1"},"category_info":"<a href=\"https:\/\/2mpress.majoranamaitani.edu.it\/?cat=105\" rel=\"category\">_NEWS<\/a>","tag_info":"_NEWS","comment_count":0,"_links":{"self":[{"href":"https:\/\/2mpress.majoranamaitani.edu.it\/index.php?rest_route=\/wp\/v2\/posts\/14556","targetHints":{"allow":["GET"]}}],"collection":[{"href":"https:\/\/2mpress.majoranamaitani.edu.it\/index.php?rest_route=\/wp\/v2\/posts"}],"about":[{"href":"https:\/\/2mpress.majoranamaitani.edu.it\/index.php?rest_route=\/wp\/v2\/types\/post"}],"author":[{"embeddable":true,"href":"https:\/\/2mpress.majoranamaitani.edu.it\/index.php?rest_route=\/wp\/v2\/users\/1"}],"replies":[{"embeddable":true,"href":"https:\/\/2mpress.majoranamaitani.edu.it\/index.php?rest_route=%2Fwp%2Fv2%2Fcomments&post=14556"}],"version-history":[{"count":3,"href":"https:\/\/2mpress.majoranamaitani.edu.it\/index.php?rest_route=\/wp\/v2\/posts\/14556\/revisions"}],"predecessor-version":[{"id":14565,"href":"https:\/\/2mpress.majoranamaitani.edu.it\/index.php?rest_route=\/wp\/v2\/posts\/14556\/revisions\/14565"}],"wp:featuredmedia":[{"embeddable":true,"href":"https:\/\/2mpress.majoranamaitani.edu.it\/index.php?rest_route=\/wp\/v2\/media\/14557"}],"wp:attachment":[{"href":"https:\/\/2mpress.majoranamaitani.edu.it\/index.php?rest_route=%2Fwp%2Fv2%2Fmedia&parent=14556"}],"wp:term":[{"taxonomy":"category","embeddable":true,"href":"https:\/\/2mpress.majoranamaitani.edu.it\/index.php?rest_route=%2Fwp%2Fv2%2Fcategories&post=14556"},{"taxonomy":"post_tag","embeddable":true,"href":"https:\/\/2mpress.majoranamaitani.edu.it\/index.php?rest_route=%2Fwp%2Fv2%2Ftags&post=14556"}],"curies":[{"name":"wp","href":"https:\/\/api.w.org\/{rel}","templated":true}]}}